{"id":97039,"date":"2018-08-17T16:55:51","date_gmt":"2018-08-17T21:55:51","guid":{"rendered":"http:\/\/laredsocial-noticias.com\/wp\/?p=97039"},"modified":"2018-08-17T21:18:24","modified_gmt":"2018-08-18T02:18:24","slug":"pondra-amlo-a-consulta-dos-opciones-sobre-naim","status":"publish","type":"post","link":"https:\/\/laredsocial-noticias.com\/wp\/pondra-amlo-a-consulta-dos-opciones-sobre-naim\/","title":{"rendered":"Pondr\u00e1 AMLO a consulta dos opciones sobre NAIM"},"content":{"rendered":"<p>El presidente electo, Andr\u00e9s Manuel L\u00f3pez Obrador, y su equipo de colaboradores presentaron el dictamen t\u00e9cnico sobre la viabilidad del Nuevo Aeropuerto Internacional de M\u00e9xico (NAIM) que contempla dos opciones: continuar con la construcci\u00f3n actual en Texcoco o detener la obra y construir dos pistas en la Base A\u00e9rea de Santa Lucia.<\/p>\n<p>En conferencia de prensa, L\u00f3pez Obrador llam\u00f3 al pueblo de M\u00e9xico a \u201cque nos ayude a resolver sobre este asunto complicado, dif\u00edcil, que heredamos, pero que tenemos que enfrentar de la mejor manera posible\u201d, para lo cual se realizar\u00e1 una consulta p\u00fablica en octubre.<\/p>\n<p>Javier Jim\u00e9nez Espri\u00fa, propuesto como pr\u00f3ximo secretario de Comunicaciones y Transportes, refiri\u00f3 que ambas opciones tienen puntos a favor y en contra por lo que es necesaria una amplia consulta con especialistas y ciudadanos, aunque se\u00f1al\u00f3 que de acuerdo con el Instituto Tecnol\u00f3gico de Massachusetts no es viable operar dos aeropuertos de manera simult\u00e1nea como ser\u00eda con la segunda.<\/p>\n<p>Explic\u00f3 que la primera alternativa tiene a favor la cercan\u00eda a la capital del pa\u00eds, crear\u00eda un gran centro de operaciones y de proyecci\u00f3n internacional, adem\u00e1s de que existe el financiamiento al 75 por ciento de la inversi\u00f3n y posibilidades de financiar el resto con ingresos de los aeropuertos actuales.<\/p>\n<p>Jim\u00e9nez Espr\u00edu abund\u00f3 que adem\u00e1s de que el proyecto ya existe y la obra tiene un avance de 31 por ciento, la terminal a\u00e9rea tambi\u00e9n tendr\u00eda mayor capacidad en el lejano plazo.<\/p>\n<p>Sin embargo tiene como inconveniente mayor costo de construcci\u00f3n, el cual se ha incrementado de 169 mil millones de pesos en 2014 a 300 mil millones de pesos a este a\u00f1o; implica altos costo de mantenimiento a\u00fan por determinar, retraso de por lo menos cuatro a\u00f1os en la construcci\u00f3n y mayor riesgo en el inicio de operaciones, ya que se debe &#8220;encender un aeropuerto y al mismo tiempo &#8220;apagar&#8221; el otro.<\/p>\n<p>Dijo que otros puntos en contra de la primera opci\u00f3n ser\u00edan el impacto ambiental, como la transformaci\u00f3n del Lago Nabor Carrillo, adem\u00e1s de incrementos en tarifas aeroportuarias con repercusi\u00f3n en los costos del pasaje.<\/p>\n<p>Respecto a la segunda opci\u00f3n, la construcci\u00f3n de dos pistas en Base A\u00e9rea de Santa Luc\u00eda y continuar con la operaci\u00f3n del actual aeropuerto, expuso que \u00e9sta tendr\u00eda un menor impacto para la Ciudad de M\u00e9xico, as\u00ed como menos costos de construcci\u00f3n y mantenimiento, adem\u00e1s de que se fortalecer\u00eda el sistema aeroportuario del Valle de M\u00e9xico.<\/p>\n<p>Sin embargo, reconoci\u00f3 que este proyecto implicar\u00eda desaf\u00edos, ya que de acuerdo al dictamen de Mitre, organizaci\u00f3n de Investigaci\u00f3n en Sistemas Avanzados de Aviaci\u00f3n, del Instituto Tecnol\u00f3gico de Massachusetts, la operaci\u00f3n simult\u00e1nea de los aeropuertos de Santa Luc\u00eda y el &#8220;Benito Ju\u00e1rez&#8221;, no es viable.<\/p>\n<p>Abund\u00f3 que la operaci\u00f3n separada de dos aeropuertos generar\u00eda incrementos de costos y operaci\u00f3n para las aerol\u00edneas as\u00ed como incomodidades a los usuarios, y el costo de la cancelaci\u00f3n del nuevo aeropuerto por las inversiones que ya se hicieron son de 100 mil millones de pesos.<\/p>\n<p>Ante estas opciones, el pr\u00f3ximo titular de la Secretar\u00eda de Comunicaciones y Transportes indic\u00f3 que a partir de este viernes, en la p\u00e1gina web www.lopezobrador.org.mx ya est\u00e1 toda la informaci\u00f3n sobre el aeropuerto, con lo que se da inicio al proceso de consulta para que la poblaci\u00f3n conozca a detalle el tema y pueda opinar.<\/p>\n<p>Adelant\u00f3 que a partir del lunes 20, a trav\u00e9s de medios de comunicaci\u00f3n, se informar\u00e1 a detalle sobre las dos opciones y se les solicitar\u00e1n espacios suficientes para difundir las opiniones y propuestas sobre el tema, para en septiembre realizar los foros de discusi\u00f3n, y en la \u00faltima semana de octubre la consulta para recoger la opini\u00f3n de los ciudadanos.<\/p>\n<p>Sobre este tema, L\u00f3pez Obrador dej\u00f3 claro que no se elimina la posibilidad de la concesi\u00f3n ya que en caso de que se determine seguir con la construcci\u00f3n del aeropuerto en Texcoco \u201cfaltar\u00edan recursos y estos se podr\u00edan obtener concesionando parte o la totalidad del aeropuerto para que no le cueste al erario\u201d.<\/p>\n<p>El presidente electo indic\u00f3, adem\u00e1s, que Jim\u00e9nez Espri\u00fa estar\u00e1 como observador en todo el proceso \u201chasta el d\u00eda que se decida sobre lo que m\u00e1s va a convenir; va a seguir en comunicaci\u00f3n con las autoridades actuales, es algo que voy a solicitar de manera respetuosa al presidente Enrique Pe\u00f1a Nieto\u201d.<\/p>\n","protected":false},"excerpt":{"rendered":"<p>El presidente electo, Andr\u00e9s Manuel L\u00f3pez Obrador, y su equipo de colaboradores presentaron el dictamen t\u00e9cnico sobre la viabilidad del&#8230;<\/p>\n","protected":false},"author":1,"featured_media":0,"comment_status":"open","ping_status":"closed","sticky":false,"template":"","format":"standard","meta":{"footnotes":""},"categories":[78,1726,2801,6026,73],"tags":[1855,597,4959,5899,77],"class_list":["post-97039","post","type-post","status-publish","format-standard","hentry","category-nacional","category-nacionales","category-politica","category-portada","category-principal","tag-amlo","tag-consulta","tag-featured","tag-naim","tag-principal"],"yoast_head":"<!-- This site is optimized with the Yoast SEO plugin v26.5 - https:\/\/yoast.com\/wordpress\/plugins\/seo\/ -->\n<title>Pondr\u00e1 AMLO a consulta dos opciones sobre NAIM - NOTICIAS<\/title>\n<meta name=\"robots\" content=\"index, follow, max-snippet:-1, max-image-preview:large, max-video-preview:-1\" \/>\n<link rel=\"canonical\" href=\"https:\/\/laredsocial-noticias.com\/wp\/pondra-amlo-a-consulta-dos-opciones-sobre-naim\/\" \/>\n<meta property=\"og:locale\" content=\"es_ES\" \/>\n<meta property=\"og:type\" content=\"article\" \/>\n<meta property=\"og:title\" content=\"Pondr\u00e1 AMLO a consulta dos opciones sobre NAIM - NOTICIAS\" \/>\n<meta property=\"og:description\" content=\"El presidente electo, Andr\u00e9s Manuel L\u00f3pez Obrador, y su equipo de colaboradores presentaron el dictamen t\u00e9cnico sobre la viabilidad del...\" \/>\n<meta property=\"og:url\" content=\"https:\/\/laredsocial-noticias.com\/wp\/pondra-amlo-a-consulta-dos-opciones-sobre-naim\/\" \/>\n<meta property=\"og:site_name\" content=\"NOTICIAS\" \/>\n<meta property=\"article:published_time\" content=\"2018-08-17T21:55:51+00:00\" \/>\n<meta property=\"article:modified_time\" content=\"2018-08-18T02:18:24+00:00\" \/>\n<meta name=\"author\" content=\"Editor en Jefe\" \/>\n<meta name=\"twitter:card\" content=\"summary_large_image\" \/>\n<meta name=\"twitter:label1\" content=\"Escrito por\" \/>\n\t<meta name=\"twitter:data1\" content=\"Editor en Jefe\" \/>\n\t<meta name=\"twitter:label2\" content=\"Tiempo de lectura\" \/>\n\t<meta name=\"twitter:data2\" content=\"4 minutos\" \/>\n<!-- \/ Yoast SEO plugin. -->","yoast_head_json":{"title":"Pondr\u00e1 AMLO a consulta dos opciones sobre NAIM - NOTICIAS","robots":{"index":"index","follow":"follow","max-snippet":"max-snippet:-1","max-image-preview":"max-image-preview:large","max-video-preview":"max-video-preview:-1"},"canonical":"https:\/\/laredsocial-noticias.com\/wp\/pondra-amlo-a-consulta-dos-opciones-sobre-naim\/","og_locale":"es_ES","og_type":"article","og_title":"Pondr\u00e1 AMLO a consulta dos opciones sobre NAIM - NOTICIAS","og_description":"El presidente electo, Andr\u00e9s Manuel L\u00f3pez Obrador, y su equipo de colaboradores presentaron el dictamen t\u00e9cnico sobre la viabilidad del...","og_url":"https:\/\/laredsocial-noticias.com\/wp\/pondra-amlo-a-consulta-dos-opciones-sobre-naim\/","og_site_name":"NOTICIAS","article_published_time":"2018-08-17T21:55:51+00:00","article_modified_time":"2018-08-18T02:18:24+00:00","author":"Editor en Jefe","twitter_card":"summary_large_image","twitter_misc":{"Escrito por":"Editor en Jefe","Tiempo de lectura":"4 minutos"},"schema":{"@context":"https:\/\/schema.org","@graph":[{"@type":"WebPage","@id":"https:\/\/laredsocial-noticias.com\/wp\/pondra-amlo-a-consulta-dos-opciones-sobre-naim\/","url":"https:\/\/laredsocial-noticias.com\/wp\/pondra-amlo-a-consulta-dos-opciones-sobre-naim\/","name":"Pondr\u00e1 AMLO a consulta dos opciones sobre NAIM - NOTICIAS","isPartOf":{"@id":"https:\/\/laredsocial-noticias.com\/wp\/#website"},"datePublished":"2018-08-17T21:55:51+00:00","dateModified":"2018-08-18T02:18:24+00:00","author":{"@id":"https:\/\/laredsocial-noticias.com\/wp\/#\/schema\/person\/0ce78643f2de7aae6f6ef10e8453a6e0"},"breadcrumb":{"@id":"https:\/\/laredsocial-noticias.com\/wp\/pondra-amlo-a-consulta-dos-opciones-sobre-naim\/#breadcrumb"},"inLanguage":"es","potentialAction":[{"@type":"ReadAction","target":["https:\/\/laredsocial-noticias.com\/wp\/pondra-amlo-a-consulta-dos-opciones-sobre-naim\/"]}]},{"@type":"BreadcrumbList","@id":"https:\/\/laredsocial-noticias.com\/wp\/pondra-amlo-a-consulta-dos-opciones-sobre-naim\/#breadcrumb","itemListElement":[{"@type":"ListItem","position":1,"name":"Portada","item":"https:\/\/laredsocial-noticias.com\/wp\/"},{"@type":"ListItem","position":2,"name":"Pondr\u00e1 AMLO a consulta dos opciones sobre NAIM"}]},{"@type":"WebSite","@id":"https:\/\/laredsocial-noticias.com\/wp\/#website","url":"https:\/\/laredsocial-noticias.com\/wp\/","name":"NOTICIAS","description":"Lo que se ve y se dice en las redes sociales","potentialAction":[{"@type":"SearchAction","target":{"@type":"EntryPoint","urlTemplate":"https:\/\/laredsocial-noticias.com\/wp\/?s={search_term_string}"},"query-input":{"@type":"PropertyValueSpecification","valueRequired":true,"valueName":"search_term_string"}}],"inLanguage":"es"},{"@type":"Person","@id":"https:\/\/laredsocial-noticias.com\/wp\/#\/schema\/person\/0ce78643f2de7aae6f6ef10e8453a6e0","name":"Editor en Jefe","url":"https:\/\/laredsocial-noticias.com\/wp\/author\/jorgeochoa\/"}]}},"_links":{"self":[{"href":"https:\/\/laredsocial-noticias.com\/wp\/wp-json\/wp\/v2\/posts\/97039","targetHints":{"allow":["GET"]}}],"collection":[{"href":"https:\/\/laredsocial-noticias.com\/wp\/wp-json\/wp\/v2\/posts"}],"about":[{"href":"https:\/\/laredsocial-noticias.com\/wp\/wp-json\/wp\/v2\/types\/post"}],"author":[{"embeddable":true,"href":"https:\/\/laredsocial-noticias.com\/wp\/wp-json\/wp\/v2\/users\/1"}],"replies":[{"embeddable":true,"href":"https:\/\/laredsocial-noticias.com\/wp\/wp-json\/wp\/v2\/comments?post=97039"}],"version-history":[{"count":0,"href":"https:\/\/laredsocial-noticias.com\/wp\/wp-json\/wp\/v2\/posts\/97039\/revisions"}],"wp:attachment":[{"href":"https:\/\/laredsocial-noticias.com\/wp\/wp-json\/wp\/v2\/media?parent=97039"}],"wp:term":[{"taxonomy":"category","embeddable":true,"href":"https:\/\/laredsocial-noticias.com\/wp\/wp-json\/wp\/v2\/categories?post=97039"},{"taxonomy":"post_tag","embeddable":true,"href":"https:\/\/laredsocial-noticias.com\/wp\/wp-json\/wp\/v2\/tags?post=97039"}],"curies":[{"name":"wp","href":"https:\/\/api.w.org\/{rel}","templated":true}]}}