{"id":9714,"date":"2016-05-16T17:00:15","date_gmt":"2016-05-16T22:00:15","guid":{"rendered":"http:\/\/laredsocial-noticias.com\/wp\/?p=9714"},"modified":"2016-05-16T15:32:29","modified_gmt":"2016-05-16T20:32:29","slug":"polemicas-marcan-primeros-dias-de-nuevo-gobierno-brasileno","status":"publish","type":"post","link":"https:\/\/laredsocial-noticias.com\/wp\/polemicas-marcan-primeros-dias-de-nuevo-gobierno-brasileno\/","title":{"rendered":"Pol\u00e9micas marcan primeros d\u00edas de nuevo gobierno brasile\u00f1o"},"content":{"rendered":"<p><strong>CIUDAD DE M\u00c9XICO, 16 de mayo, (MOMENTO INFORMATIVO \/ C\u00cdRCULO DIGITAL).-\u00a0<\/strong>Ausencia de mujeres y de representantes de minor\u00edas \u00e9tnicas en el gabinete, sospechas de corrupci\u00f3n entre los nuevos ministros e incluso caceroladas enfrenta el presidente en ejercicio de Brasil, Michel Temer.<\/p>\n<div class=\"desarrollo\">\n<p>El nuevo Ejecutivo brasile\u00f1o suma cinco d\u00edas al mando y acumula pol\u00e9micas. Una las cuestiones que m\u00e1s han desgastado su imagen es la ausencia de mujeres y de representantes de minor\u00edas, en un pa\u00eds que tiene una mayor\u00eda de poblaci\u00f3n negra (53.6 por ciento) y que hasta hace apenas una semana estaba gobernado por una mujer.<\/p>\n<p>\u201cEl gobierno est\u00e1 revelando el alto grado de conservadurismo que lo domina\u201d, explic\u00f3 a Notimex la activista Nal\u00fa Faria, coordinadora de Organizaci\u00f3n Feminista Sempreviva y cr\u00edtica del nuevo Ejecutivo.<\/p>\n<p>\u201cLas mujeres brasile\u00f1as ya no son las mismas de 2003. Vivimos m\u00e1s de una d\u00e9cada de concienciaci\u00f3n\u201d; el hecho de que la esposa del nuevo presidente, Marcela Temer, tenga casi 43 a\u00f1os menos que \u00e9l, se\u00f1al\u00f3.<\/p>\n<p>Una de las cuestiones m\u00e1s pol\u00e9micas es el nombramiento de ministros investigados o citados en confesiones a la polic\u00eda por su implicaci\u00f3n en la trama corrupta de la estatal Petrobras, desenmascarada en el marco de Operaci\u00f3n Lava Jato.<\/p>\n<p>Los titulares de Planificaci\u00f3n, Turismo y de la Secretar\u00eda de Gobierno figuran en esa lista, y la eventual imputaci\u00f3n de alguno de los titulares de carteras del nuevo Ejecutivo podr\u00eda da\u00f1ar la credibilidad del Gobierno en un pa\u00eds que se hizo hipersensible a la corrupci\u00f3n pol\u00edtica tras los esc\u00e1ndalos de los \u00faltimos meses.<\/p>\n<p>Algunos expertos se\u00f1alan, sin embargo, que Temer tendr\u00e1 en torno a 100 d\u00edas de tolerancia, antes de que se comience a cuestionar las decisiones de la nueva administraci\u00f3n.<\/p>\n<p>\u201cDispondr\u00e1 por lo menos de tres meses de tregua, sobre todo por la situaci\u00f3n calamitosa en la que se encuentra Brasil\u201d, explic\u00f3 a Notimex el analista pol\u00edtico Bol\u00edvar Lamounier, socio director de Augurium Consultoria.<\/p>\n<p>En ese marco, la mejora del desempe\u00f1o econ\u00f3mico ser\u00e1 una de las cuestiones fundamentales para apuntalar la legitimidad de un Gobierno que, por el momento, tiene garantizados apenas 180 d\u00edas al mando (el tiempo que durar\u00e1 el juicio pol\u00edtico a Dilma Rousseff en el Senado) y carece del aval de las urnas.<\/p>\n<p>\u201cTemer es consciente del problema fiscal, que es el principal, y de que tiene que arreglar las cuentas\u201d, se\u00f1al\u00f3 Lamounier.<\/p>\n<p>Temer y su ministro de Hacienda, el influyente Henrique Meirelles, discutir\u00e1n esta tarde con algunas organizaciones sindicales la reforma del sistema de pensiones, una de las reformas de mayor calado y que, por su eventual impopularidad, podr\u00eda crear manifestaciones.<\/p>\n<p>El propio Meirelles admiti\u00f3 la semana pasada esa posibilidad, pero dijo que el Ejecutivo har\u00e1 prevalecer el \u201cinter\u00e9s general\u201d.<\/p>\n<p>El nuevo presidente fue v\u00edctima de su primera \u2018cacerolada&#8217; la v\u00edspera, cuando cientos de personas en ciudades como Sao Paulo, Salvador o R\u00edo de Janeiro protestaron anoche durante la difusi\u00f3n de la primera entrevista televisada del nuevo presidente.<\/p>\n<p>Las \u201ccaceroladas\u201d desde los balcones de las casas ya fueron un recurso de los brasile\u00f1os para protestar contra la presidenta suspendida Dilma Rousseff durante los \u00faltimos meses.<\/p>\n<p><strong>Por Heriberto Ara\u00fajo. Notimex<\/strong><\/p>\n<\/div>\n<p>&nbsp;<\/p>\n","protected":false},"excerpt":{"rendered":"<p>CIUDAD DE M\u00c9XICO, 16 de mayo, (MOMENTO INFORMATIVO \/ C\u00cdRCULO DIGITAL).-\u00a0Ausencia de mujeres y de representantes de minor\u00edas \u00e9tnicas en&#8230;<\/p>\n","protected":false},"author":1,"featured_media":0,"comment_status":"closed","ping_status":"closed","sticky":false,"template":"","format":"standard","meta":{"footnotes":""},"categories":[1796,101,73],"tags":[145,77],"class_list":["post-9714","post","type-post","status-publish","format-standard","hentry","category-circulodigital","category-internacional","category-principal","tag-internacional","tag-principal"],"yoast_head":"<!-- This site is optimized with the Yoast SEO plugin v26.5 - https:\/\/yoast.com\/wordpress\/plugins\/seo\/ -->\n<title>Pol\u00e9micas marcan primeros d\u00edas de nuevo gobierno brasile\u00f1o - NOTICIAS<\/title>\n<meta name=\"robots\" content=\"index, follow, max-snippet:-1, max-image-preview:large, max-video-preview:-1\" \/>\n<link rel=\"canonical\" href=\"https:\/\/laredsocial-noticias.com\/wp\/polemicas-marcan-primeros-dias-de-nuevo-gobierno-brasileno\/\" \/>\n<meta property=\"og:locale\" content=\"es_ES\" \/>\n<meta property=\"og:type\" content=\"article\" \/>\n<meta property=\"og:title\" content=\"Pol\u00e9micas marcan primeros d\u00edas de nuevo gobierno brasile\u00f1o - NOTICIAS\" \/>\n<meta property=\"og:description\" content=\"CIUDAD DE M\u00c9XICO, 16 de mayo, (MOMENTO INFORMATIVO \/ C\u00cdRCULO DIGITAL).-\u00a0Ausencia de mujeres y de representantes de minor\u00edas \u00e9tnicas en...\" \/>\n<meta property=\"og:url\" content=\"https:\/\/laredsocial-noticias.com\/wp\/polemicas-marcan-primeros-dias-de-nuevo-gobierno-brasileno\/\" \/>\n<meta property=\"og:site_name\" content=\"NOTICIAS\" \/>\n<meta property=\"article:published_time\" content=\"2016-05-16T22:00:15+00:00\" \/>\n<meta name=\"author\" content=\"Editor en Jefe\" \/>\n<meta name=\"twitter:card\" content=\"summary_large_image\" \/>\n<meta name=\"twitter:label1\" content=\"Escrito por\" \/>\n\t<meta name=\"twitter:data1\" content=\"Editor en Jefe\" \/>\n\t<meta name=\"twitter:label2\" content=\"Tiempo de lectura\" \/>\n\t<meta name=\"twitter:data2\" content=\"3 minutos\" \/>\n<!-- \/ Yoast SEO plugin. -->","yoast_head_json":{"title":"Pol\u00e9micas marcan primeros d\u00edas de nuevo gobierno brasile\u00f1o - NOTICIAS","robots":{"index":"index","follow":"follow","max-snippet":"max-snippet:-1","max-image-preview":"max-image-preview:large","max-video-preview":"max-video-preview:-1"},"canonical":"https:\/\/laredsocial-noticias.com\/wp\/polemicas-marcan-primeros-dias-de-nuevo-gobierno-brasileno\/","og_locale":"es_ES","og_type":"article","og_title":"Pol\u00e9micas marcan primeros d\u00edas de nuevo gobierno brasile\u00f1o - NOTICIAS","og_description":"CIUDAD DE M\u00c9XICO, 16 de mayo, (MOMENTO INFORMATIVO \/ C\u00cdRCULO DIGITAL).-\u00a0Ausencia de mujeres y de representantes de minor\u00edas \u00e9tnicas en...","og_url":"https:\/\/laredsocial-noticias.com\/wp\/polemicas-marcan-primeros-dias-de-nuevo-gobierno-brasileno\/","og_site_name":"NOTICIAS","article_published_time":"2016-05-16T22:00:15+00:00","author":"Editor en Jefe","twitter_card":"summary_large_image","twitter_misc":{"Escrito por":"Editor en Jefe","Tiempo de lectura":"3 minutos"},"schema":{"@context":"https:\/\/schema.org","@graph":[{"@type":"WebPage","@id":"https:\/\/laredsocial-noticias.com\/wp\/polemicas-marcan-primeros-dias-de-nuevo-gobierno-brasileno\/","url":"https:\/\/laredsocial-noticias.com\/wp\/polemicas-marcan-primeros-dias-de-nuevo-gobierno-brasileno\/","name":"Pol\u00e9micas marcan primeros d\u00edas de nuevo gobierno brasile\u00f1o - NOTICIAS","isPartOf":{"@id":"https:\/\/laredsocial-noticias.com\/wp\/#website"},"datePublished":"2016-05-16T22:00:15+00:00","author":{"@id":"https:\/\/laredsocial-noticias.com\/wp\/#\/schema\/person\/0ce78643f2de7aae6f6ef10e8453a6e0"},"breadcrumb":{"@id":"https:\/\/laredsocial-noticias.com\/wp\/polemicas-marcan-primeros-dias-de-nuevo-gobierno-brasileno\/#breadcrumb"},"inLanguage":"es","potentialAction":[{"@type":"ReadAction","target":["https:\/\/laredsocial-noticias.com\/wp\/polemicas-marcan-primeros-dias-de-nuevo-gobierno-brasileno\/"]}]},{"@type":"BreadcrumbList","@id":"https:\/\/laredsocial-noticias.com\/wp\/polemicas-marcan-primeros-dias-de-nuevo-gobierno-brasileno\/#breadcrumb","itemListElement":[{"@type":"ListItem","position":1,"name":"Portada","item":"https:\/\/laredsocial-noticias.com\/wp\/"},{"@type":"ListItem","position":2,"name":"Pol\u00e9micas marcan primeros d\u00edas de nuevo gobierno brasile\u00f1o"}]},{"@type":"WebSite","@id":"https:\/\/laredsocial-noticias.com\/wp\/#website","url":"https:\/\/laredsocial-noticias.com\/wp\/","name":"NOTICIAS","description":"Lo que se ve y se dice en las redes sociales","potentialAction":[{"@type":"SearchAction","target":{"@type":"EntryPoint","urlTemplate":"https:\/\/laredsocial-noticias.com\/wp\/?s={search_term_string}"},"query-input":{"@type":"PropertyValueSpecification","valueRequired":true,"valueName":"search_term_string"}}],"inLanguage":"es"},{"@type":"Person","@id":"https:\/\/laredsocial-noticias.com\/wp\/#\/schema\/person\/0ce78643f2de7aae6f6ef10e8453a6e0","name":"Editor en Jefe","url":"https:\/\/laredsocial-noticias.com\/wp\/author\/jorgeochoa\/"}]}},"_links":{"self":[{"href":"https:\/\/laredsocial-noticias.com\/wp\/wp-json\/wp\/v2\/posts\/9714","targetHints":{"allow":["GET"]}}],"collection":[{"href":"https:\/\/laredsocial-noticias.com\/wp\/wp-json\/wp\/v2\/posts"}],"about":[{"href":"https:\/\/laredsocial-noticias.com\/wp\/wp-json\/wp\/v2\/types\/post"}],"author":[{"embeddable":true,"href":"https:\/\/laredsocial-noticias.com\/wp\/wp-json\/wp\/v2\/users\/1"}],"replies":[{"embeddable":true,"href":"https:\/\/laredsocial-noticias.com\/wp\/wp-json\/wp\/v2\/comments?post=9714"}],"version-history":[{"count":1,"href":"https:\/\/laredsocial-noticias.com\/wp\/wp-json\/wp\/v2\/posts\/9714\/revisions"}],"predecessor-version":[{"id":9715,"href":"https:\/\/laredsocial-noticias.com\/wp\/wp-json\/wp\/v2\/posts\/9714\/revisions\/9715"}],"wp:attachment":[{"href":"https:\/\/laredsocial-noticias.com\/wp\/wp-json\/wp\/v2\/media?parent=9714"}],"wp:term":[{"taxonomy":"category","embeddable":true,"href":"https:\/\/laredsocial-noticias.com\/wp\/wp-json\/wp\/v2\/categories?post=9714"},{"taxonomy":"post_tag","embeddable":true,"href":"https:\/\/laredsocial-noticias.com\/wp\/wp-json\/wp\/v2\/tags?post=9714"}],"curies":[{"name":"wp","href":"https:\/\/api.w.org\/{rel}","templated":true}]}}