{"id":97744,"date":"2018-08-27T16:50:52","date_gmt":"2018-08-27T21:50:52","guid":{"rendered":"http:\/\/laredsocial-noticias.com\/wp\/?p=97744"},"modified":"2018-08-27T16:51:19","modified_gmt":"2018-08-27T21:51:19","slug":"reto-para-proxima-administracion-de-fovissste-mantener-una-institucion-solida-y-socialmente-responsable","status":"publish","type":"post","link":"https:\/\/laredsocial-noticias.com\/wp\/reto-para-proxima-administracion-de-fovissste-mantener-una-institucion-solida-y-socialmente-responsable\/","title":{"rendered":"Reto para pr\u00f3xima administraci\u00f3n de FOVISSSTE, mantener una instituci\u00f3n s\u00f3lida y socialmente responsable"},"content":{"rendered":"<ul>\n<li><strong>El Fondo y la Universidad la Salle, realizan seminario para periodistas<\/strong><\/li>\n<\/ul>\n<p><a href=\"http:\/\/laredsocial-noticias.com\/wp\/reto-para-proxima-administracion-de-fovissste-mantener-una-institucion-solida-y-socialmente-responsable\/seminario-fovissste\/\" rel=\"attachment wp-att-97745\"><img loading=\"lazy\" decoding=\"async\" class=\"aligncenter wp-image-97745\" src=\"http:\/\/laredsocial-noticias.com\/wp\/wp-content\/uploads\/2018\/08\/seminario.-FOVISSSTE.-300x200.jpg\" alt=\"\" width=\"545\" height=\"363\" \/><\/a><\/p>\n<p><strong>Por Guillermo Pimentel Balderas<\/strong><\/p>\n<p>La actual administraci\u00f3n del Fondo de la Vivienda del ISSSTE (FOVISSSTE), dejar\u00e1 a la pr\u00f3xima una instituci\u00f3n s\u00f3lida y socialmente responsable, con tasas bajas en la derrama de cr\u00e9dito y reservas por 47 mil millones de pesos.<\/p>\n<p>Adem\u00e1s, el organismo\u00a0ha logrado que el rendimiento de la Subcuenta de Vivienda de los trabajadores se mantenga por arriba del nivel de inflaci\u00f3n.<\/p>\n<p>Los retos en los que el Fondo trabaja este a\u00f1o son: aumentar la satisfacci\u00f3n de los derechohabientes; transitar hacia un FOVISSSTE digital; cumplir las metas del programa de cr\u00e9dito; diversificar las estrategias de fondeo sin minar la fortaleza patrimonial del FOVISSSTE, y atender los compromisos del proceso de transici\u00f3n de gobierno.<\/p>\n<p>Esto, en el marco del Seminario para periodistas: \u201cDesarrollo de la Vivienda en M\u00e9xico\u201d, organizado por el FOVISSSTE y la Universidad la Salle (ULSA) y que inaugur\u00f3 el Vocal Ejecutivo del Instituto, Luis Antonio Godina Herrera.<\/p>\n<p>Reunidos en el Auditorio de la Biblioteca \u201cJos\u00e9 Vasconcelos\u201d, Campus 2 de la ULSA, resalt\u00f3 que en la presente administraci\u00f3n\u00a0se han entregado 427 mil 638 cr\u00e9ditos, con una inversi\u00f3n de 209 mil millones de pesos.<\/p>\n<p>Ante los seminaristas del gremio period\u00edstico, Godina Herrera record\u00f3 que, en 46 a\u00f1os de historia, el Fondo ha entregado m\u00e1s de 1.74 millones de cr\u00e9ditos, unos de cada cuatro financiamientos se otorgaron en el gobierno del Presidente Enrique Pe\u00f1a Nieto y, la mayor parte se concentran en el sector educaci\u00f3n (60 por ciento), salud (14 por ciento) y justicia y seguridad (13 por ciento).<\/p>\n<p>Precis\u00f3 que el FOVISSSTE se integra con recursos que no son fiscales. Es un Fondo que se crea con aportaciones de los trabajadores, y que el cr\u00e9dito para la vivienda es uno de los 21 servicios, con seguros y prestaciones, que el ISSSTE otorga a los trabajadores al servicio del Estado.<\/p>\n<p><strong>Expositores del Seminario<\/strong><\/p>\n<p>Entre los expositores, se cont\u00f3 con la pl\u00e1tica del maestro Carlos Camacho Echegaray: \u201cTendencias de la Comunicaci\u00f3n\u201d, al destacar las tendencias en redes sociales y los medios de comunicaci\u00f3n, en las que el tema central fueron las diferencias entre el ejercicio del periodismo de anta\u00f1o y los periodistas j\u00f3venes en la actualidad.<\/p>\n<p>Consider\u00f3 que las redes sociales y herramientas digitales, incluyendo a los periodistas y los medios de comunicaci\u00f3n, se han desarrollado en un marco de gran libertad, pero advirti\u00f3 que \u201cesta libertad tocar\u00e1 fondo\u201d, para luego tener equilibrio o punto medio.<\/p>\n<p>Tambi\u00e9n, participaron el arquitecto Homero Hern\u00e1ndez Tena, director de la Facultad de Arquitectura, Dise\u00f1o y Comunicaci\u00f3n de la Universidad La Salle, quien dict\u00f3 la ponencia: \u201cPlanificaci\u00f3n Urbana de la Ciudad de M\u00e9xico\u201d, donde explic\u00f3 el crecimiento desordenado de la CDMX y las ciudades inteligentes.<\/p>\n<p>Refiri\u00f3 que la tendencia para el futuro en materia de vivienda es el uso de la tecnolog\u00eda y la aplicaci\u00f3n del esquema del crecimiento inteligente o teor\u00eda de planificaci\u00f3n urbana, conocido en el mundo como \u201cSmart Growth\u201d, el cual lleva en aplicaci\u00f3n los \u00faltimos 20 a\u00f1os, y se ha convertido en una contrapropuesta contra el crecimiento desordenado.<\/p>\n<p>En su oportunidad, la Doctora Luc\u00eda Mar\u00edn en su ponencia: \u201cLa Vivienda en M\u00e9xico. Breve An\u00e1lisis tipol\u00f3gico de su evoluci\u00f3n en el \u00faltimo siglo\u201d, describi\u00f3 c\u00f3mo\u00a0ha evolucionado y se ha ido modificando el tipo de vivienda en el M\u00e9xico moderno.<\/p>\n<p>Describi\u00f3 desde la creaci\u00f3n de los conjuntos habitacionales como el Buen Tono en 1913, que construy\u00f3 Miguel \u00c1ngel de Quevedo, hasta la edificaci\u00f3n de la vivienda vertical en los a\u00f1os 30 y los grandes multifamiliares que comenzaron en 1949, baj\u00f3 la autor\u00eda de Mario Pani.<\/p>\n","protected":false},"excerpt":{"rendered":"<p>El Fondo y la Universidad la Salle, realizan seminario para periodistas Por Guillermo Pimentel Balderas La actual administraci\u00f3n del Fondo&#8230;<\/p>\n","protected":false},"author":10,"featured_media":0,"comment_status":"closed","ping_status":"open","sticky":false,"template":"","format":"standard","meta":{"footnotes":""},"categories":[3137],"tags":[77],"class_list":["post-97744","post","type-post","status-publish","format-standard","hentry","category-fovissste","tag-principal"],"yoast_head":"<!-- This site is optimized with the Yoast SEO plugin v26.5 - https:\/\/yoast.com\/wordpress\/plugins\/seo\/ -->\n<title>Reto para pr\u00f3xima administraci\u00f3n de FOVISSSTE, mantener una instituci\u00f3n s\u00f3lida y socialmente responsable - NOTICIAS<\/title>\n<meta name=\"robots\" content=\"index, follow, max-snippet:-1, max-image-preview:large, max-video-preview:-1\" \/>\n<link rel=\"canonical\" href=\"https:\/\/laredsocial-noticias.com\/wp\/reto-para-proxima-administracion-de-fovissste-mantener-una-institucion-solida-y-socialmente-responsable\/\" \/>\n<meta property=\"og:locale\" content=\"es_ES\" \/>\n<meta property=\"og:type\" content=\"article\" \/>\n<meta property=\"og:title\" content=\"Reto para pr\u00f3xima administraci\u00f3n de FOVISSSTE, mantener una instituci\u00f3n s\u00f3lida y socialmente responsable - NOTICIAS\" \/>\n<meta property=\"og:description\" content=\"El Fondo y la Universidad la Salle, realizan seminario para periodistas Por Guillermo Pimentel Balderas La actual administraci\u00f3n del Fondo...\" \/>\n<meta property=\"og:url\" content=\"https:\/\/laredsocial-noticias.com\/wp\/reto-para-proxima-administracion-de-fovissste-mantener-una-institucion-solida-y-socialmente-responsable\/\" \/>\n<meta property=\"og:site_name\" content=\"NOTICIAS\" \/>\n<meta property=\"article:published_time\" content=\"2018-08-27T21:50:52+00:00\" \/>\n<meta property=\"article:modified_time\" content=\"2018-08-27T21:51:19+00:00\" \/>\n<meta property=\"og:image\" content=\"https:\/\/laredsocial-noticias.com\/wp\/wp-content\/uploads\/2018\/08\/seminario.-FOVISSSTE..jpg\" \/>\n\t<meta property=\"og:image:width\" content=\"1200\" \/>\n\t<meta property=\"og:image:height\" content=\"800\" \/>\n\t<meta property=\"og:image:type\" content=\"image\/jpeg\" \/>\n<meta name=\"author\" content=\"Guillermo Pimentel\" \/>\n<meta name=\"twitter:card\" content=\"summary_large_image\" \/>\n<meta name=\"twitter:label1\" content=\"Escrito por\" \/>\n\t<meta name=\"twitter:data1\" content=\"Guillermo Pimentel\" \/>\n\t<meta name=\"twitter:label2\" content=\"Tiempo de lectura\" \/>\n\t<meta name=\"twitter:data2\" content=\"3 minutos\" \/>\n<!-- \/ Yoast SEO plugin. -->","yoast_head_json":{"title":"Reto para pr\u00f3xima administraci\u00f3n de FOVISSSTE, mantener una instituci\u00f3n s\u00f3lida y socialmente responsable - NOTICIAS","robots":{"index":"index","follow":"follow","max-snippet":"max-snippet:-1","max-image-preview":"max-image-preview:large","max-video-preview":"max-video-preview:-1"},"canonical":"https:\/\/laredsocial-noticias.com\/wp\/reto-para-proxima-administracion-de-fovissste-mantener-una-institucion-solida-y-socialmente-responsable\/","og_locale":"es_ES","og_type":"article","og_title":"Reto para pr\u00f3xima administraci\u00f3n de FOVISSSTE, mantener una instituci\u00f3n s\u00f3lida y socialmente responsable - NOTICIAS","og_description":"El Fondo y la Universidad la Salle, realizan seminario para periodistas Por Guillermo Pimentel Balderas La actual administraci\u00f3n del Fondo...","og_url":"https:\/\/laredsocial-noticias.com\/wp\/reto-para-proxima-administracion-de-fovissste-mantener-una-institucion-solida-y-socialmente-responsable\/","og_site_name":"NOTICIAS","article_published_time":"2018-08-27T21:50:52+00:00","article_modified_time":"2018-08-27T21:51:19+00:00","og_image":[{"width":1200,"height":800,"url":"https:\/\/laredsocial-noticias.com\/wp\/wp-content\/uploads\/2018\/08\/seminario.-FOVISSSTE..jpg","type":"image\/jpeg"}],"author":"Guillermo Pimentel","twitter_card":"summary_large_image","twitter_misc":{"Escrito por":"Guillermo Pimentel","Tiempo de lectura":"3 minutos"},"schema":{"@context":"https:\/\/schema.org","@graph":[{"@type":"WebPage","@id":"https:\/\/laredsocial-noticias.com\/wp\/reto-para-proxima-administracion-de-fovissste-mantener-una-institucion-solida-y-socialmente-responsable\/","url":"https:\/\/laredsocial-noticias.com\/wp\/reto-para-proxima-administracion-de-fovissste-mantener-una-institucion-solida-y-socialmente-responsable\/","name":"Reto para pr\u00f3xima administraci\u00f3n de FOVISSSTE, mantener una instituci\u00f3n s\u00f3lida y socialmente responsable - NOTICIAS","isPartOf":{"@id":"https:\/\/laredsocial-noticias.com\/wp\/#website"},"primaryImageOfPage":{"@id":"https:\/\/laredsocial-noticias.com\/wp\/reto-para-proxima-administracion-de-fovissste-mantener-una-institucion-solida-y-socialmente-responsable\/#primaryimage"},"image":{"@id":"https:\/\/laredsocial-noticias.com\/wp\/reto-para-proxima-administracion-de-fovissste-mantener-una-institucion-solida-y-socialmente-responsable\/#primaryimage"},"thumbnailUrl":"http:\/\/laredsocial-noticias.com\/wp\/wp-content\/uploads\/2018\/08\/seminario.-FOVISSSTE.-300x200.jpg","datePublished":"2018-08-27T21:50:52+00:00","dateModified":"2018-08-27T21:51:19+00:00","author":{"@id":"https:\/\/laredsocial-noticias.com\/wp\/#\/schema\/person\/9c09eb8c35c46dac6d30e2baff4b64d6"},"breadcrumb":{"@id":"https:\/\/laredsocial-noticias.com\/wp\/reto-para-proxima-administracion-de-fovissste-mantener-una-institucion-solida-y-socialmente-responsable\/#breadcrumb"},"inLanguage":"es","potentialAction":[{"@type":"ReadAction","target":["https:\/\/laredsocial-noticias.com\/wp\/reto-para-proxima-administracion-de-fovissste-mantener-una-institucion-solida-y-socialmente-responsable\/"]}]},{"@type":"ImageObject","inLanguage":"es","@id":"https:\/\/laredsocial-noticias.com\/wp\/reto-para-proxima-administracion-de-fovissste-mantener-una-institucion-solida-y-socialmente-responsable\/#primaryimage","url":"","contentUrl":""},{"@type":"BreadcrumbList","@id":"https:\/\/laredsocial-noticias.com\/wp\/reto-para-proxima-administracion-de-fovissste-mantener-una-institucion-solida-y-socialmente-responsable\/#breadcrumb","itemListElement":[{"@type":"ListItem","position":1,"name":"Portada","item":"https:\/\/laredsocial-noticias.com\/wp\/"},{"@type":"ListItem","position":2,"name":"Reto para pr\u00f3xima administraci\u00f3n de FOVISSSTE, mantener una instituci\u00f3n s\u00f3lida y socialmente responsable"}]},{"@type":"WebSite","@id":"https:\/\/laredsocial-noticias.com\/wp\/#website","url":"https:\/\/laredsocial-noticias.com\/wp\/","name":"NOTICIAS","description":"Lo que se ve y se dice en las redes sociales","potentialAction":[{"@type":"SearchAction","target":{"@type":"EntryPoint","urlTemplate":"https:\/\/laredsocial-noticias.com\/wp\/?s={search_term_string}"},"query-input":{"@type":"PropertyValueSpecification","valueRequired":true,"valueName":"search_term_string"}}],"inLanguage":"es"},{"@type":"Person","@id":"https:\/\/laredsocial-noticias.com\/wp\/#\/schema\/person\/9c09eb8c35c46dac6d30e2baff4b64d6","name":"Guillermo Pimentel","url":"https:\/\/laredsocial-noticias.com\/wp\/author\/guillermo\/"}]}},"_links":{"self":[{"href":"https:\/\/laredsocial-noticias.com\/wp\/wp-json\/wp\/v2\/posts\/97744","targetHints":{"allow":["GET"]}}],"collection":[{"href":"https:\/\/laredsocial-noticias.com\/wp\/wp-json\/wp\/v2\/posts"}],"about":[{"href":"https:\/\/laredsocial-noticias.com\/wp\/wp-json\/wp\/v2\/types\/post"}],"author":[{"embeddable":true,"href":"https:\/\/laredsocial-noticias.com\/wp\/wp-json\/wp\/v2\/users\/10"}],"replies":[{"embeddable":true,"href":"https:\/\/laredsocial-noticias.com\/wp\/wp-json\/wp\/v2\/comments?post=97744"}],"version-history":[{"count":2,"href":"https:\/\/laredsocial-noticias.com\/wp\/wp-json\/wp\/v2\/posts\/97744\/revisions"}],"predecessor-version":[{"id":97747,"href":"https:\/\/laredsocial-noticias.com\/wp\/wp-json\/wp\/v2\/posts\/97744\/revisions\/97747"}],"wp:attachment":[{"href":"https:\/\/laredsocial-noticias.com\/wp\/wp-json\/wp\/v2\/media?parent=97744"}],"wp:term":[{"taxonomy":"category","embeddable":true,"href":"https:\/\/laredsocial-noticias.com\/wp\/wp-json\/wp\/v2\/categories?post=97744"},{"taxonomy":"post_tag","embeddable":true,"href":"https:\/\/laredsocial-noticias.com\/wp\/wp-json\/wp\/v2\/tags?post=97744"}],"curies":[{"name":"wp","href":"https:\/\/api.w.org\/{rel}","templated":true}]}}