{"id":98239,"date":"2018-09-05T16:57:35","date_gmt":"2018-09-05T21:57:35","guid":{"rendered":"http:\/\/laredsocial-noticias.com\/wp\/?p=98239"},"modified":"2018-09-05T16:57:58","modified_gmt":"2018-09-05T21:57:58","slug":"dan-a-conocer-nombres-de-los-18-porros-expulsados-de-la-unam","status":"publish","type":"post","link":"https:\/\/laredsocial-noticias.com\/wp\/dan-a-conocer-nombres-de-los-18-porros-expulsados-de-la-unam\/","title":{"rendered":"Dan a conocer nombres de los 18 porros expulsados de la UNAM"},"content":{"rendered":"<p>La Universidad Nacional Aut\u00f3noma de M\u00e9xico da a conocer los nombres de 18 personas identificadas como participantes en los sucesos violentos ocurridos el pasado lunes 3 de septiembre, en la Ciudad Universitaria.<\/p>\n<p>1. Cervantes Delgado Leonardo Enrique CCH Plantel Azcapotzalco<\/p>\n<p>2. Flores Y\u00e1\u00f1ez Irving David CCH Plantel Azcapotzalco<\/p>\n<p>3. Guti\u00e9rrez L\u00f3pez C\u00e9sar Abel CCH Plantel Azcapotzalco<\/p>\n<p>4. Hern\u00e1ndez Ju\u00e1rez Fernando CCH Plantel Azcapotzalco<\/p>\n<p>5. Jactthar Cruz Leonel CCH Plantel Azcapotzalco<\/p>\n<p>6. L\u00f3pez Bautista Abraham CCH Plantel Azcapotzalco<\/p>\n<p>7. Medrano Cruz Daniel CCH Plantel Azcapotzalco<\/p>\n<p>8. Morales Bobadilla Joan Guillermo CCH Plantel Azcapotzalco<\/p>\n<p>9. Mej\u00eda Orozco Gustavo CCH Plantel Naucalpan<\/p>\n<p>10. Vargas de la Cruz Pedro Armando Facultad de Filosof\u00eda y<\/p>\n<p>Letras<\/p>\n<p>11. Tolentino San Agust\u00edn Jos\u00e9 Rodrigo Facultad de Ingenier\u00eda<\/p>\n<p>12. Camargo Garc\u00eda Marco Antonio FES Cuautitl\u00e1n (Veterinaria)<\/p>\n<p>13. Zenteno Espinosa Bruno Alejandro FES Acatl\u00e1n (Arquitectura)<\/p>\n<p>14. Tinajero Mu\u00f1ozcano Fernando FES Acatl\u00e1n (Derecho)<\/p>\n<p>15. Salazar Lampon Javier FES Zaragoza (Enfermer\u00eda)<\/p>\n<p>16. Morales Maciel Jordan Jeziel Facultad de Ingenier\u00eda<\/p>\n<p>17. Trujillo Gonz\u00e1lez Nancy Guadalupe FES Iztacala<\/p>\n<p>18. Zubillaga \u00c1guila Michelle Paulina CCH Plantel Azcapotzalco<\/p>\n<p>La UNAM continuar\u00e1 con la investigaci\u00f3n, b\u00fasqueda e identificaci\u00f3n de otros participantes en dichos sucesos y lo har\u00e1 p\u00fablico.<\/p>\n","protected":false},"excerpt":{"rendered":"<p>La Universidad Nacional Aut\u00f3noma de M\u00e9xico da a conocer los nombres de 18 personas identificadas como participantes en los sucesos&#8230;<\/p>\n","protected":false},"author":1,"featured_media":0,"comment_status":"open","ping_status":"closed","sticky":false,"template":"","format":"standard","meta":{"footnotes":""},"categories":[78,1726,2801,6026,73],"tags":[6348,77,253],"class_list":["post-98239","post","type-post","status-publish","format-standard","hentry","category-nacional","category-nacionales","category-politica","category-portada","category-principal","tag-porros","tag-principal","tag-unam"],"yoast_head":"<!-- This site is optimized with the Yoast SEO plugin v26.5 - https:\/\/yoast.com\/wordpress\/plugins\/seo\/ -->\n<title>Dan a conocer nombres de los 18 porros expulsados de la UNAM - NOTICIAS<\/title>\n<meta name=\"robots\" content=\"index, follow, max-snippet:-1, max-image-preview:large, max-video-preview:-1\" \/>\n<link rel=\"canonical\" href=\"https:\/\/laredsocial-noticias.com\/wp\/dan-a-conocer-nombres-de-los-18-porros-expulsados-de-la-unam\/\" \/>\n<meta property=\"og:locale\" content=\"es_ES\" \/>\n<meta property=\"og:type\" content=\"article\" \/>\n<meta property=\"og:title\" content=\"Dan a conocer nombres de los 18 porros expulsados de la UNAM - NOTICIAS\" \/>\n<meta property=\"og:description\" content=\"La Universidad Nacional Aut\u00f3noma de M\u00e9xico da a conocer los nombres de 18 personas identificadas como participantes en los sucesos...\" \/>\n<meta property=\"og:url\" content=\"https:\/\/laredsocial-noticias.com\/wp\/dan-a-conocer-nombres-de-los-18-porros-expulsados-de-la-unam\/\" \/>\n<meta property=\"og:site_name\" content=\"NOTICIAS\" \/>\n<meta property=\"article:published_time\" content=\"2018-09-05T21:57:35+00:00\" \/>\n<meta property=\"article:modified_time\" content=\"2018-09-05T21:57:58+00:00\" \/>\n<meta property=\"og:image\" content=\"https:\/\/laredsocial-noticias.com\/wp\/wp-content\/uploads\/2018\/09\/UNAM.jpg\" \/>\n\t<meta property=\"og:image:width\" content=\"960\" \/>\n\t<meta property=\"og:image:height\" content=\"720\" \/>\n\t<meta property=\"og:image:type\" content=\"image\/jpeg\" \/>\n<meta name=\"author\" content=\"Editor en Jefe\" \/>\n<meta name=\"twitter:card\" content=\"summary_large_image\" \/>\n<meta name=\"twitter:label1\" content=\"Escrito por\" \/>\n\t<meta name=\"twitter:data1\" content=\"Editor en Jefe\" \/>\n\t<meta name=\"twitter:label2\" content=\"Tiempo de lectura\" \/>\n\t<meta name=\"twitter:data2\" content=\"1 minuto\" \/>\n<!-- \/ Yoast SEO plugin. -->","yoast_head_json":{"title":"Dan a conocer nombres de los 18 porros expulsados de la UNAM - NOTICIAS","robots":{"index":"index","follow":"follow","max-snippet":"max-snippet:-1","max-image-preview":"max-image-preview:large","max-video-preview":"max-video-preview:-1"},"canonical":"https:\/\/laredsocial-noticias.com\/wp\/dan-a-conocer-nombres-de-los-18-porros-expulsados-de-la-unam\/","og_locale":"es_ES","og_type":"article","og_title":"Dan a conocer nombres de los 18 porros expulsados de la UNAM - NOTICIAS","og_description":"La Universidad Nacional Aut\u00f3noma de M\u00e9xico da a conocer los nombres de 18 personas identificadas como participantes en los sucesos...","og_url":"https:\/\/laredsocial-noticias.com\/wp\/dan-a-conocer-nombres-de-los-18-porros-expulsados-de-la-unam\/","og_site_name":"NOTICIAS","article_published_time":"2018-09-05T21:57:35+00:00","article_modified_time":"2018-09-05T21:57:58+00:00","og_image":[{"width":960,"height":720,"url":"https:\/\/laredsocial-noticias.com\/wp\/wp-content\/uploads\/2018\/09\/UNAM.jpg","type":"image\/jpeg"}],"author":"Editor en Jefe","twitter_card":"summary_large_image","twitter_misc":{"Escrito por":"Editor en Jefe","Tiempo de lectura":"1 minuto"},"schema":{"@context":"https:\/\/schema.org","@graph":[{"@type":"WebPage","@id":"https:\/\/laredsocial-noticias.com\/wp\/dan-a-conocer-nombres-de-los-18-porros-expulsados-de-la-unam\/","url":"https:\/\/laredsocial-noticias.com\/wp\/dan-a-conocer-nombres-de-los-18-porros-expulsados-de-la-unam\/","name":"Dan a conocer nombres de los 18 porros expulsados de la UNAM - NOTICIAS","isPartOf":{"@id":"https:\/\/laredsocial-noticias.com\/wp\/#website"},"datePublished":"2018-09-05T21:57:35+00:00","dateModified":"2018-09-05T21:57:58+00:00","author":{"@id":"https:\/\/laredsocial-noticias.com\/wp\/#\/schema\/person\/0ce78643f2de7aae6f6ef10e8453a6e0"},"breadcrumb":{"@id":"https:\/\/laredsocial-noticias.com\/wp\/dan-a-conocer-nombres-de-los-18-porros-expulsados-de-la-unam\/#breadcrumb"},"inLanguage":"es","potentialAction":[{"@type":"ReadAction","target":["https:\/\/laredsocial-noticias.com\/wp\/dan-a-conocer-nombres-de-los-18-porros-expulsados-de-la-unam\/"]}]},{"@type":"BreadcrumbList","@id":"https:\/\/laredsocial-noticias.com\/wp\/dan-a-conocer-nombres-de-los-18-porros-expulsados-de-la-unam\/#breadcrumb","itemListElement":[{"@type":"ListItem","position":1,"name":"Portada","item":"https:\/\/laredsocial-noticias.com\/wp\/"},{"@type":"ListItem","position":2,"name":"Dan a conocer nombres de los 18 porros expulsados de la UNAM"}]},{"@type":"WebSite","@id":"https:\/\/laredsocial-noticias.com\/wp\/#website","url":"https:\/\/laredsocial-noticias.com\/wp\/","name":"NOTICIAS","description":"Lo que se ve y se dice en las redes sociales","potentialAction":[{"@type":"SearchAction","target":{"@type":"EntryPoint","urlTemplate":"https:\/\/laredsocial-noticias.com\/wp\/?s={search_term_string}"},"query-input":{"@type":"PropertyValueSpecification","valueRequired":true,"valueName":"search_term_string"}}],"inLanguage":"es"},{"@type":"Person","@id":"https:\/\/laredsocial-noticias.com\/wp\/#\/schema\/person\/0ce78643f2de7aae6f6ef10e8453a6e0","name":"Editor en Jefe","url":"https:\/\/laredsocial-noticias.com\/wp\/author\/jorgeochoa\/"}]}},"_links":{"self":[{"href":"https:\/\/laredsocial-noticias.com\/wp\/wp-json\/wp\/v2\/posts\/98239","targetHints":{"allow":["GET"]}}],"collection":[{"href":"https:\/\/laredsocial-noticias.com\/wp\/wp-json\/wp\/v2\/posts"}],"about":[{"href":"https:\/\/laredsocial-noticias.com\/wp\/wp-json\/wp\/v2\/types\/post"}],"author":[{"embeddable":true,"href":"https:\/\/laredsocial-noticias.com\/wp\/wp-json\/wp\/v2\/users\/1"}],"replies":[{"embeddable":true,"href":"https:\/\/laredsocial-noticias.com\/wp\/wp-json\/wp\/v2\/comments?post=98239"}],"version-history":[{"count":1,"href":"https:\/\/laredsocial-noticias.com\/wp\/wp-json\/wp\/v2\/posts\/98239\/revisions"}],"predecessor-version":[{"id":98240,"href":"https:\/\/laredsocial-noticias.com\/wp\/wp-json\/wp\/v2\/posts\/98239\/revisions\/98240"}],"wp:attachment":[{"href":"https:\/\/laredsocial-noticias.com\/wp\/wp-json\/wp\/v2\/media?parent=98239"}],"wp:term":[{"taxonomy":"category","embeddable":true,"href":"https:\/\/laredsocial-noticias.com\/wp\/wp-json\/wp\/v2\/categories?post=98239"},{"taxonomy":"post_tag","embeddable":true,"href":"https:\/\/laredsocial-noticias.com\/wp\/wp-json\/wp\/v2\/tags?post=98239"}],"curies":[{"name":"wp","href":"https:\/\/api.w.org\/{rel}","templated":true}]}}